{"id":29961,"date":"2026-02-18T10:20:12","date_gmt":"2026-02-18T10:20:12","guid":{"rendered":"https:\/\/wine-and-spirits.md\/?p=29961"},"modified":"2026-02-19T08:59:25","modified_gmt":"2026-02-19T08:59:25","slug":"vinul-moldovei-a-atras-atentia-lumii-la-wine-paris-2026","status":"publish","type":"post","link":"https:\/\/wine-and-spirits.md\/ro\/vinul-moldovei-a-atras-atentia-lumii-la-wine-paris-2026\/","title":{"rendered":"Vinul Moldovei a atras aten\u021bia lumii la Wine Paris` 2026"},"content":{"rendered":"\n<h4 class=\"wp-block-heading\"><strong><em>26 de vinificatori reuni\u021bi sub umbrela brandului vinicol de \u021bar\u0103&nbsp;\u201eWine of Moldova. Unexpectedly Great\u201d \/ \u201eVinul Moldovei. Uimitor de bun\u201d, au fost prezen\u021bi la Wine Paris 2026, unul dintre cele mai importante evenimente ale industriei vinicole, care adun\u0103 un flux de peste 50.000 de vizitatori din \u00eentreaga lume.<\/em><\/strong><\/h4>\n\n\n\n<p>Prezen\u021ba standului&nbsp;Wine of Moldova&nbsp;a reconfirmat pozi\u021bionarea tot mai solid\u0103 pe pie\u021bele interna\u021bionale. \u00cen acest context, echipa Oficiului Na\u021bional al Viei \u0219i Vinului a participat la peste 35 de \u00eentrevederi strategice cu parteneri interna\u021bionali, importatori, distribuitori \u0219i organiza\u021bii de profil, pentru consolidarea vizibilit\u0103\u021bii Vinului Moldovei \u0219i pentru extinderea oportunit\u0103\u021bilor de colaborare.<\/p>\n\n\n\n<p><strong><em>\u0218tefan Iamandi, director, Oficiul Na\u021bional al Viei \u0219i Vinului:<\/em><\/strong><em><\/em><\/p>\n\n\n\n<blockquote class=\"wp-block-quote is-layout-flow wp-block-quote-is-layout-flow\">\n<p><em>Wine Paris a demonstrat \u00eenc\u0103 <\/em><em>odat\u0103 c\u0103 Wine of Moldova atrage aten\u021bia profesioni\u0219tilor din \u00eentreaga lume. Pentru noi, participarea la cel mai mare t\u00e2rg de vin din lume nu este doar o activitate pentru consolidarea imaginii, ci o investi\u021bie strategic\u0103 \u00een vizibilitatea brandului Wine of Moldova \u0219i \u00een extinderea oportunit\u0103\u021bilor de export. Mai mult, interesul ridicat pentru masterclass-ul dedicat soiurilor locale \u0219i dialogul cu importatori, jurnali\u0219ti \u0219i exper\u021bi confirm\u0103 vizibilitatea \u0219i credibilitatea pe pie\u021bele interna\u021bionale.\u201d<\/em><\/p>\n<\/blockquote>\n\n\n\n<p>\u00cen cele 3 zile ale expozi\u021biei, standul Wine of Moldova a fost vizitat de oficiali \u0219i parteneri interna\u021bionali importan\u021bi, printre care Ambasadoarea Republicii Moldova \u00een Fran\u021ba,&nbsp;Corina C\u0103lug\u0103ru, Directorul General al Organiza\u021biei Interna\u021bionale a Viei \u0219i Vinului (OIV),&nbsp;John Barker.<\/p>\n\n\n\n<p>Un punct central al programului a fost masterclass-ul dedicat soiurilor autohtone, la care au fost ocupate toate cele 105 locuri, de c\u0103tre participan\u021bi din diferite \u021b\u0103ri. Publicul a apreciat \u00een special vinurile din soiuri locale, precum&nbsp;Viorica,&nbsp;Floricia&nbsp;\u0219i&nbsp;Feteasc\u0103 Alb\u0103, remarc\u00e2nd aromele \u0219i expresia \u201eterroir\u201d-ului local.<\/p>\n\n\n\n<p><strong><em>Thom<\/em><\/strong><strong><em>as Brandl, jurnalist specializat:<\/em><\/strong><em><\/em><\/p>\n\n\n\n<blockquote class=\"wp-block-quote is-layout-flow wp-block-quote-is-layout-flow\">\n<p><em>Interesul pe care l-am v\u0103zut la Wine Paris pentru Wine of Moldova a fost remarcabil. <\/em><em>Masterclass-ul dedicat vinurilor moldovene\u0219ti s-a bucurat de o participare foarte bun\u0103, \u00een ciuda unui interval orar t\u00e2rziu, iar discu\u021biile cu profesioni\u0219ti din industrie au confirmat c\u0103 Moldova este v\u0103zut\u0103 ca o \u021bar\u0103 competitiv\u0103. Vinul Moldovei are personalitate \u0219i un nivel de calitate care atrage aten\u021bia pie\u021belor interna\u021bionale. Este clar c\u0103 Wine of Moldova \u00ee\u0219i consolideaz\u0103 pozi\u021bia pe scena global\u0103 \u0219i are un poten\u021bial real de cre\u0219tere \u00een anii urm\u0103tori.\u201d<\/em><\/p>\n<\/blockquote>\n\n\n\n<p>De asemenea, participan\u021bii au fost impresiona\u021bi de evolu\u021bia sectorului vitivinicol \u0219i de pove\u0219tile din spatele vin\u0103riilor. Pe parcursul expozi\u021biei, fiecare din cei 26 de produc\u0103tori au beneficiat de un cabinet personal pe platforma oficial\u0103 Wine Paris, cu acces la baza interna\u021bional\u0103 de distribuitori \u0219i buyeri, ceea ce a permis organizarea de \u00eent\u00e2lniri comerciale directe \u0219i eficiente.<\/p>\n\n\n\n<p>Participarea la Wine Paris face parte din strategia pe termen lung a Oficiului Na\u021bional al Viei \u0219i Vinului de consolidare a reputa\u021biei interna\u021bionale a brandului de \u021bar\u0103 \u0219i de extindere a exporturilor pe noi pie\u021be.<\/p>\n\n\n\n<p>Prezen\u021ba Moldovei expozi\u021bie are loc \u00eentr-un an simbolic pentru industrie, \u00een care este marcat\u0103 cea de-a 25-a edi\u021bie a&nbsp;Zilei Na\u021bionale a Vinului, eveniment ce reconfirm\u0103 rolul sectorului vitivinicol ca pilon al economiei \u0219i identit\u0103\u021bii na\u021bionale.<\/p>\n","protected":false},"excerpt":{"rendered":"<p>26 de vinificatori reuni\u021bi sub umbrela brandului vinicol de \u021bar\u0103&nbsp;\u201eWine of Moldova. Unexpectedly Great\u201d \/ \u201eVinul Moldovei. Uimitor de bun\u201d, au fost prezen\u021bi la Wine Paris 2026, unul dintre cele&hellip;<\/p>\n","protected":false},"author":16,"featured_media":29962,"comment_status":"open","ping_status":"open","sticky":false,"template":"","format":"standard","meta":{"slim_seo":{"title":"Vinul Moldovei a atras aten\u021bia lumii la Wine Paris` 2026 - Wine and Spirits","description":"26 de vinificatori reuni\u021bi sub umbrela brandului vinicol de \u021bar\u0103&nbsp;\u201eWine of Moldova. Unexpectedly Great\u201d \/ \u201eVinul Moldovei. Uimitor de bun\u201d, au fost prezen\u021bi"},"footnotes":""},"categories":[38],"tags":[],"class_list":["post-29961","post","type-post","status-publish","format-standard","has-post-thumbnail","hentry","category-events-ro"],"_links":{"self":[{"href":"https:\/\/wine-and-spirits.md\/ro\/wp-json\/wp\/v2\/posts\/29961","targetHints":{"allow":["GET"]}}],"collection":[{"href":"https:\/\/wine-and-spirits.md\/ro\/wp-json\/wp\/v2\/posts"}],"about":[{"href":"https:\/\/wine-and-spirits.md\/ro\/wp-json\/wp\/v2\/types\/post"}],"author":[{"embeddable":true,"href":"https:\/\/wine-and-spirits.md\/ro\/wp-json\/wp\/v2\/users\/16"}],"replies":[{"embeddable":true,"href":"https:\/\/wine-and-spirits.md\/ro\/wp-json\/wp\/v2\/comments?post=29961"}],"version-history":[{"count":1,"href":"https:\/\/wine-and-spirits.md\/ro\/wp-json\/wp\/v2\/posts\/29961\/revisions"}],"predecessor-version":[{"id":29965,"href":"https:\/\/wine-and-spirits.md\/ro\/wp-json\/wp\/v2\/posts\/29961\/revisions\/29965"}],"wp:featuredmedia":[{"embeddable":true,"href":"https:\/\/wine-and-spirits.md\/ro\/wp-json\/wp\/v2\/media\/29962"}],"wp:attachment":[{"href":"https:\/\/wine-and-spirits.md\/ro\/wp-json\/wp\/v2\/media?parent=29961"}],"wp:term":[{"taxonomy":"category","embeddable":true,"href":"https:\/\/wine-and-spirits.md\/ro\/wp-json\/wp\/v2\/categories?post=29961"},{"taxonomy":"post_tag","embeddable":true,"href":"https:\/\/wine-and-spirits.md\/ro\/wp-json\/wp\/v2\/tags?post=29961"}],"curies":[{"name":"wp","href":"https:\/\/api.w.org\/{rel}","templated":true}]}}