{"id":29875,"date":"2026-02-04T10:02:04","date_gmt":"2026-02-04T10:02:04","guid":{"rendered":"https:\/\/wine-and-spirits.md\/?p=29875"},"modified":"2026-02-04T10:02:14","modified_gmt":"2026-02-04T10:02:14","slug":"vinul-moldovei-prezent-acolo-unde-se-stabilesc-tendintele-globale","status":"publish","type":"post","link":"https:\/\/wine-and-spirits.md\/ro\/vinul-moldovei-prezent-acolo-unde-se-stabilesc-tendintele-globale\/","title":{"rendered":"Vinul Moldovei, prezent acolo unde se stabilesc tendin\u021bele globale"},"content":{"rendered":"\n<h4 class=\"wp-block-heading\"><strong><em>Vinul Moldovei \u00eencepe 2026 \u00een for\u021b\u0103, cu particip\u0103ri strategice la cele mai mari expozi\u021bii interna\u021bionale, acolo unde sunt stabilite tendin\u021bele globale ale industriei. Sub umbrela brandului vinicol de \u021bar\u0103&nbsp;\u201eWine of Moldova. Unexpectedly great\u201d\/ \u201eVinul Moldovei. Uimitor de bun\u201d, vinificatorii particip\u0103, la \u00eenceputul acestui an, la dou\u0103 dintre cele mai mari expozi\u021bii interna\u021bionale: \u201eWine Paris\u201d, desf\u0103\u0219urat \u00eentre 9\u201311 februarie \u0219i \u201eProWein D\u00fcsseldorf\u201d, care are loc \u00eentre 15\u201317 martie.<\/em><\/strong><\/h4>\n\n\n\n<p>Participarea la cele mai importante expozi\u021bii interna\u021bionale, care devin anual locul de \u00eent\u00e2lnire al celor mai importan\u021bi lideri ai industriei vinicole de pe \u00eentreg mapamondul, este posibil\u0103 datorit\u0103 suportului Oficiului Na\u021bional al Viei \u0219i Vinului (ONVV).<\/p>\n\n\n\n<p><strong>\u201eWine Paris\u201d: 26 de vinificatori \u0219i un masterclass dedicat soiurilor autohtone<\/strong><\/p>\n\n\n\n<p>La \u00eenceputul lunii februarie,&nbsp;26 de vinificatori reuni\u021bi sub umbrela brandului vinicol de \u021bar\u0103 \u201eWine of Moldova. Unexpectedly great\u201d\/ \u201eVinul Moldovei. Uimitor de bun\u201d, vor fi prezen\u021bi la \u201eWine Paris\u201d, una dintre cele mai importante platforme globale ale industriei. Evenimentul, organizat anual, reune\u0219te vinificatorii din regiuni viticole de referin\u021b\u0103, lideri de opinie, somelieri \u0219i buyeri interna\u021bionali care \u00ee\u0219i definesc aici portofoliile \u0219i strategiile de achizi\u021bie pentru anii urm\u0103tori. &nbsp;&nbsp;<\/p>\n\n\n\n<p>Un punct-cheie al particip\u0103rii Moldovei la Wine Paris\u201d este&nbsp;masterclassul \u201eWine of Moldova \u2013 Unexpectedly Great Indigenous Grape Varieties\u201d, care va avea loc \u00een ultima zi a expozi\u021biei \u0219i care va aduce \u00een prim-plan&nbsp;soiurile autohtone. Prin degustarea a opt vinuri produse din soiurile Feteasc\u0103 Alb\u0103, Feteasc\u0103 Regal\u0103, Feteasc\u0103 Neagr\u0103, Rar\u0103 Neagr\u0103 \u0219i Viorica, participan\u021bii vor descoperi autenticitatea terroir-ului local.&nbsp; Masterclassul va fi sus\u021binut de expertul interna\u021bional Thomas Brandl.<\/p>\n\n\n\n<p><strong>\u201eProWein D\u00fcsseldorf: dialog direct cu pie\u021bele globale<\/strong><\/p>\n\n\n\n<p>\u00cen luna martie, Vinul Moldovei \u00ee\u0219i continu\u0103 parcursul interna\u021bional la \u201eProWein D\u00fcsseldorf\u201d, cel mai mare t\u00e2rg mondial dedicat vinurilor \u0219i b\u0103uturilor spirtoase. Aici, 52 de vin\u0103rii, printre care vinificatori consacra\u021bi \u0219i produc\u0103tori de vinuri de autor vor prezenta stiluri diverse de vin \u0219i vor avea contextul potrivit pentru a intra \u00eentr-un dialog direct cu importatori, distribuitori \u0219i profesioni\u0219ti ai industriei. Participarea la \u201eProWein\u201d ofer\u0103 Moldovei nu doar vizibilitate, ci \u0219i acces la tendin\u021bele globale de consum, la noi pie\u021be \u0219i la parteneriate comerciale durabile. La ambele expozi\u021bii, \u201eWine of Moldova propune degust\u0103ri ghidate \u0219i sesiuni de prezentare sus\u021binute de somelieri interna\u021bionali, dedicate aprofund\u0103rii specificului Vinului Moldovei. &nbsp;&nbsp;&nbsp;<\/p>\n\n\n\n<p><strong><em>\u0218tefan Iamandi, director al Oficiului Na\u021bional al Viei \u0219i Vinului:<\/em><\/strong><em>\u00a0 <\/em><\/p>\n\n\n\n<blockquote class=\"wp-block-quote is-layout-flow wp-block-quote-is-layout-flow\">\n<p><em>Rolul Oficiului Na\u021bional al Viei \u0219i Vinului este de a duce Vinul Moldovei pe pie\u021bele interna\u021bionale \u0219i de a construi, pas cu pas, o reputa\u021bie solid\u0103 pentru \u00eentreaga industrie. Participarea la <\/em>\u201e<em>Wine Paris<\/em>\u201d<em> \u0219i <\/em>\u201e<em>ProWein<\/em>\u201d<em> confirm\u0103 c\u0103 acest efort este unul consecvent \u0219i c\u0103 Vinul Moldovei a ajuns la un nivel de maturitate care \u00eei permite s\u0103 concureze de la egal la egal cu marile regiuni viticole ale lumii. Nu mai este vorba doar despre a fi descoperi\u021bi, ci despre a consolida, cu fiecare apari\u021bie interna\u021bional\u0103, \u00eencrederea \u00een calitatea Vinului Moldovei. Este cu at\u00e2t mai simbolic c\u0103 aceste particip\u0103ri au loc \u00eentr-un an \u00een care marc\u0103m 25 de ani de la lansarea Zilei Na\u021bionale a Vinului \u2013 un eveniment emblematic care reconfirm\u0103 importan\u021ba industriei vitivinicole din Republica Moldova.\u201d \u00a0<\/em><\/p>\n<\/blockquote>\n\n\n\n<p>Prezen\u021ba interna\u021bional\u0103 a Vinului Moldovei are loc \u00eentr-un an cu o \u00eenc\u0103rc\u0103tur\u0103 simbolic\u0103 deosebit\u0103.&nbsp;2026 marcheaz\u0103 25 de edi\u021bii ale Zilei Na\u021bionale a Vinului&nbsp;&#8211; singura s\u0103rb\u0103toare na\u021bional\u0103 din lume dedicat\u0103 industriei vinicole \u0219i Vinului Moldovei. Aceste repere confirm\u0103 c\u0103 industria vitivinicol\u0103 este un pilon al patrimoniului na\u021bional \u0219i al economiei, contribuind cu aproximativ&nbsp;3% din PIB&nbsp;\u0219i&nbsp;8% din totalul exporturilor<strong>.<\/strong><\/p>\n","protected":false},"excerpt":{"rendered":"<p>Vinul Moldovei \u00eencepe 2026 \u00een for\u021b\u0103, cu particip\u0103ri strategice la cele mai mari expozi\u021bii interna\u021bionale, acolo unde sunt stabilite tendin\u021bele globale ale industriei. Sub umbrela brandului vinicol de \u021bar\u0103&nbsp;\u201eWine of&hellip;<\/p>\n","protected":false},"author":16,"featured_media":29876,"comment_status":"open","ping_status":"open","sticky":false,"template":"","format":"standard","meta":{"slim_seo":{"title":"Vinul Moldovei, prezent acolo unde se stabilesc tendin\u021bele globale - Wine and Spirits","description":"Vinul Moldovei \u00eencepe 2026 \u00een for\u021b\u0103, cu particip\u0103ri strategice la cele mai mari expozi\u021bii interna\u021bionale, acolo unde sunt stabilite tendin\u021bele globale ale indus"},"footnotes":""},"categories":[48],"tags":[4703,566,845,5774],"class_list":["post-29875","post","type-post","status-publish","format-standard","has-post-thumbnail","hentry","category-stiri","tag-oficiul-national-al-viei-si-vinului-2","tag-onvv","tag-vinul-moldovei","tag-wine-of-moldova-3"],"_links":{"self":[{"href":"https:\/\/wine-and-spirits.md\/ro\/wp-json\/wp\/v2\/posts\/29875","targetHints":{"allow":["GET"]}}],"collection":[{"href":"https:\/\/wine-and-spirits.md\/ro\/wp-json\/wp\/v2\/posts"}],"about":[{"href":"https:\/\/wine-and-spirits.md\/ro\/wp-json\/wp\/v2\/types\/post"}],"author":[{"embeddable":true,"href":"https:\/\/wine-and-spirits.md\/ro\/wp-json\/wp\/v2\/users\/16"}],"replies":[{"embeddable":true,"href":"https:\/\/wine-and-spirits.md\/ro\/wp-json\/wp\/v2\/comments?post=29875"}],"version-history":[{"count":1,"href":"https:\/\/wine-and-spirits.md\/ro\/wp-json\/wp\/v2\/posts\/29875\/revisions"}],"predecessor-version":[{"id":29879,"href":"https:\/\/wine-and-spirits.md\/ro\/wp-json\/wp\/v2\/posts\/29875\/revisions\/29879"}],"wp:featuredmedia":[{"embeddable":true,"href":"https:\/\/wine-and-spirits.md\/ro\/wp-json\/wp\/v2\/media\/29876"}],"wp:attachment":[{"href":"https:\/\/wine-and-spirits.md\/ro\/wp-json\/wp\/v2\/media?parent=29875"}],"wp:term":[{"taxonomy":"category","embeddable":true,"href":"https:\/\/wine-and-spirits.md\/ro\/wp-json\/wp\/v2\/categories?post=29875"},{"taxonomy":"post_tag","embeddable":true,"href":"https:\/\/wine-and-spirits.md\/ro\/wp-json\/wp\/v2\/tags?post=29875"}],"curies":[{"name":"wp","href":"https:\/\/api.w.org\/{rel}","templated":true}]}}