{"id":29522,"date":"2025-12-10T11:14:37","date_gmt":"2025-12-10T11:14:37","guid":{"rendered":"https:\/\/wine-and-spirits.md\/?p=29522"},"modified":"2025-12-11T23:19:43","modified_gmt":"2025-12-11T23:19:43","slug":"vernisajul-vinului-celebreaza-un-an-al-vizibilitatii-internationale","status":"publish","type":"post","link":"https:\/\/wine-and-spirits.md\/ro\/vernisajul-vinului-celebreaza-un-an-al-vizibilitatii-internationale\/","title":{"rendered":"Vernisajul Vinului celebreaz\u0103 un an al vizibilit\u0103\u021bii interna\u021bionale"},"content":{"rendered":"\n<h4 class=\"wp-block-heading\"><strong><em>Tradi\u021bional, la mijlocul lunii decembrie, \u00eentreaga industrie vitivinicol\u0103 \u00ee\u0219i evalueaz\u0103 realiz\u0103rile, prezint\u0103 cele mai noi \u0219i rafinate produse \u0219i \u00eei invit\u0103 pe oaspe\u021bi s\u0103 descopere povestea unui an de succes. Cea de-a XXIV-a edi\u021bie a&nbsp;Vernisajului Vinului&nbsp;este un moment de recunoa\u0219tere global\u0103, marc\u00e2nd perioada \u00een care Vinul Moldovei a cucerit, la propriu, lumea.<\/em><\/strong><strong><em><\/em><\/strong><\/h4>\n\n\n\n<p>Sub sloganul&nbsp;\u201eVinul nostru cucere\u0219te lumea\u201d, Vernisajul din aceast\u0103 iarn\u0103 consemneaz\u0103 performan\u021bele unei industrii \u0219i devine un moment pentru celebrarea calit\u0103\u021bii, al oamenilor care o creeaz\u0103 \u0219i al viitorului pe care \u00eel construiesc \u00eempreun\u0103.<\/p>\n\n\n\n<p><strong><em>\u0218tefan Iamandi, Director, Oficiul Na\u021bional al Viei \u0219i Vinului:<\/em><\/strong><em> <\/em><\/p>\n\n\n\n<blockquote class=\"wp-block-quote is-layout-flow wp-block-quote-is-layout-flow\">\n<p><em>Vernisajul Vinului este momentul \u00een care povestea Vinului Moldovei cap\u0103t\u0103 chipurile oamenilor care o scriu \u00een fiecare zi. 2025 a fost anul \u00een care Republica Moldova a intrat \u00een aten\u021bia lumii, iar aceast\u0103 edi\u021bie confirm\u0103 nu doar un succes, ci o direc\u021bie de dezvoltare pentru urm\u0103torii ani: vinurile noastre sunt tot mai competitive, tot mai vizibile \u0219i tot mai apreciate. Vernisajul Vinului, edi\u021bia de iarn\u0103 devine scena pe care industria \u00ee\u0219i prezint\u0103 vinurile dar \u0219i planurile de viitor.\u201d<\/em><\/p>\n<\/blockquote>\n\n\n\n<p>Anul 2025 a adus importante valid\u0103ri interna\u021bionale pentru Vinul Moldovei. Majoritatea vinurilor care vor fi expuse la Vernisajul Vinului sunt medaliate la cele mai prestigioase competi\u021bii ale lumii, printre care: Mundus Vini 2025, Concours Mondial de Bruxelles (Sparkling, Red &amp; White), Decanter World Wine Awards 2025, Effervescents du Monde, IWSC Londra, S\u00e9lections Mondiales des Vins Canada 2025, Vinarium, Asia Wine Trophy, Citto del Vino, dar \u0219i numeroase concursuri regionale \u0219i specializate care confirm\u0103 excelen\u021ba Vinului Moldovei.<\/p>\n\n\n\n<p>De asemenea, la edi\u021bia de iarn\u0103, oaspe\u021bii vor putea degusta vinuri cu Indica\u021bie Geografic\u0103 Protejat\u0103 (IGP), provenite din cele trei regiuni cu IGP ale Moldovei, eviden\u021biind diversitatea terroir-ului local \u0219i evolu\u021bia standardelor de calitate. \u00cen plus, publicul va avea ocazia s\u0103 descopere 55 de etichete noi, de la standurile vinificatorilor, care vin ca o confirmare a creativit\u0103\u021bii, a investi\u021biilor continue \u00een inova\u021bie \u0219i a dezvolt\u0103rii portofoliilor produc\u0103torilor locali.<\/p>\n\n\n\n<p>Pentru a marca un an \u00een care Republica Moldova a fost \u00een centrul aten\u021biei globale, programul Vernisajului Vinului va include un&nbsp;panel de discu\u021bii&nbsp;dedicat transform\u0103rii sectorului vitivinicol. Invita\u021bii \u2013 oficiali \u0219i vinificatori \u2013 vor discuta despre vizibilitatea interna\u021bional\u0103 a Vinului Moldovei, despre impactul asupra exporturilor \u0219i accesului pe pie\u021be noi, evolu\u021bia calit\u0103\u021bii&nbsp;dar \u0219i pa\u0219ii urm\u0103tori pentru cum trebuie s\u0103-\u0219i men\u021bin\u0103 locul, \u00een anii urm\u0103tori, pe harta mondial\u0103 a vinului.<\/p>\n\n\n\n<p>Vernisajul Vinului este un eveniment select, dedicat promov\u0103rii culturii vinului \u0219i a consumului responsabil al vinurilor de calitate, pe pia\u021ba intern\u0103. \u00cen acest an, experien\u021ba vizitatorilor va fi una complet integrat\u0103: produc\u0103torii de divinuri cu Indica\u021bie Geografic\u0103 Protejat\u0103 vor fi prezen\u021bi \u00een aceea\u0219i sal\u0103 cu expozan\u021bii de vinuri, cre\u00e2nd un parcurs armonios de degustare. Ace\u0219tia vor aduce publicului peste 30 de produse noi \u0219i consacrate, distinse la prestigioase concursuri interna\u021bionale.<\/p>\n\n\n\n<p><strong>Link bilete:<\/strong><\/p>\n\n\n\n<p><a href=\"https:\/\/iticket.md\/event\/vernisajul-vinului-de-iarna-editia-a-xxiv-a\"><strong>https:\/\/iticket.md\/event\/vernisajul-vinului-de-iarna-editia-a-xxiv-a<\/strong><\/a><\/p>\n\n\n\n<p><a href=\"https:\/\/unde.io\/events\/1539-vernisajul-vinului-de-iarna-editia-a-xxiva\"><strong>https:\/\/unde.io\/events\/1539-vernisajul-vinului-de-iarna-editia-a-xxiva<\/strong><\/a><\/p>\n","protected":false},"excerpt":{"rendered":"<p>Tradi\u021bional, la mijlocul lunii decembrie, \u00eentreaga industrie vitivinicol\u0103 \u00ee\u0219i evalueaz\u0103 realiz\u0103rile, prezint\u0103 cele mai noi \u0219i rafinate produse \u0219i \u00eei invit\u0103 pe oaspe\u021bi s\u0103 descopere povestea unui an de succes.&hellip;<\/p>\n","protected":false},"author":16,"featured_media":29407,"comment_status":"open","ping_status":"open","sticky":false,"template":"","format":"standard","meta":{"slim_seo":{"title":"Vernisajul Vinului celebreaz\u0103 un an al vizibilit\u0103\u021bii interna\u021bionale - Wine and Spirits","description":"Tradi\u021bional, la mijlocul lunii decembrie, \u00eentreaga industrie vitivinicol\u0103 \u00ee\u0219i evalueaz\u0103 realiz\u0103rile, prezint\u0103 cele mai noi \u0219i rafinate produse \u0219i \u00eei invit\u0103 pe o"},"footnotes":""},"categories":[38],"tags":[303],"class_list":["post-29522","post","type-post","status-publish","format-standard","has-post-thumbnail","hentry","category-events-ro","tag-vernisajul-vinului"],"_links":{"self":[{"href":"https:\/\/wine-and-spirits.md\/ro\/wp-json\/wp\/v2\/posts\/29522","targetHints":{"allow":["GET"]}}],"collection":[{"href":"https:\/\/wine-and-spirits.md\/ro\/wp-json\/wp\/v2\/posts"}],"about":[{"href":"https:\/\/wine-and-spirits.md\/ro\/wp-json\/wp\/v2\/types\/post"}],"author":[{"embeddable":true,"href":"https:\/\/wine-and-spirits.md\/ro\/wp-json\/wp\/v2\/users\/16"}],"replies":[{"embeddable":true,"href":"https:\/\/wine-and-spirits.md\/ro\/wp-json\/wp\/v2\/comments?post=29522"}],"version-history":[{"count":2,"href":"https:\/\/wine-and-spirits.md\/ro\/wp-json\/wp\/v2\/posts\/29522\/revisions"}],"predecessor-version":[{"id":29524,"href":"https:\/\/wine-and-spirits.md\/ro\/wp-json\/wp\/v2\/posts\/29522\/revisions\/29524"}],"wp:featuredmedia":[{"embeddable":true,"href":"https:\/\/wine-and-spirits.md\/ro\/wp-json\/wp\/v2\/media\/29407"}],"wp:attachment":[{"href":"https:\/\/wine-and-spirits.md\/ro\/wp-json\/wp\/v2\/media?parent=29522"}],"wp:term":[{"taxonomy":"category","embeddable":true,"href":"https:\/\/wine-and-spirits.md\/ro\/wp-json\/wp\/v2\/categories?post=29522"},{"taxonomy":"post_tag","embeddable":true,"href":"https:\/\/wine-and-spirits.md\/ro\/wp-json\/wp\/v2\/tags?post=29522"}],"curies":[{"name":"wp","href":"https:\/\/api.w.org\/{rel}","templated":true}]}}