{"id":29393,"date":"2025-11-21T14:55:28","date_gmt":"2025-11-21T14:55:28","guid":{"rendered":"https:\/\/wine-and-spirits.md\/?p=29393"},"modified":"2025-11-21T15:07:51","modified_gmt":"2025-11-21T15:07:51","slug":"concursul-national-vinul-moldovei-2025-va-avea-loc-in-decembrie","status":"publish","type":"post","link":"https:\/\/wine-and-spirits.md\/ro\/concursul-national-vinul-moldovei-2025-va-avea-loc-in-decembrie\/","title":{"rendered":"Concursul Na\u021bional \u201e Vinul Moldovei`2025\u201d va avea loc \u00een decembrie"},"content":{"rendered":"\n<h4 class=\"wp-block-heading\"><strong><em>Republica Moldova \u00ee\u0219i desemneaz\u0103 ambasadorii vinului la competi\u021bia de excelen\u021b\u0103 a sectorului vitivinicol. \u00cen perioada 4\u20135 decembrie 2025, comunitatea vitivinicol\u0103 din Republica Moldova se reune\u0219te la Concursul Na\u021bional \u201e Vinul Moldovei\u201d, eveniment menit s\u0103 eviden\u021bieze cele mai reprezentative vinuri produse sub brandul de \u021bar\u0103 \u201eVinul Moldovei. Uimitor de bun\u201d \u0219i s\u0103 consolideze pozi\u021bionarea lor at\u00e2t pe pia\u021ba intern\u0103, c\u00e2t \u0219i pe pie\u021bele interna\u021bionale.<\/em><\/strong><\/h4>\n\n\n\n<p>Edi\u021bia din acest an are un caracter deosebit, fiind organizat\u0103 \u00een contextul unui an marcat de recunoa\u0219tere global\u0103. Vinul Moldovei a fost apreciat la dou\u0103 dintre cele mai prestigioase evenimente interna\u021bionale ale domeniului: cea de-a 46-a edi\u021biei a Congresului Mondial al Viei \u0219i Vinului \u0219i \u201eConcours Mondial de Bruxelles\u201d, confirm\u00e2nd astfel prestigiul \u0219i competitivitatea vinurilor autohtone.<\/p>\n\n\n\n<p>Concursul Na\u021bional \u201e Vinul Moldovei\u201d este organizat de Oficiul Na\u021bional al Viei \u0219i Vinului (ONVV), cu sprijinul Ministerului Agriculturii \u0219i Industriei Alimentare \u0219i \u00een parteneriat cu asocia\u021biile produc\u0103torilor de vinuri cu Indica\u021bie Geografic\u0103 Protejat\u0103 \u0219i alte organiza\u021bii profesionale de profil.<\/p>\n\n\n\n<p>Concursul reprezint\u0103 un element-cheie din programul anual al ONVV, institu\u021bie care are misiunea de a promova brandul na\u021bional \u201eVinul Moldovei. Uimitor de bun\u201d pe plan local \u0219i interna\u021bional, precum \u0219i de a sus\u021bine prezen\u021ba vinificatorilor la cele mai importante competi\u021bii \u0219i expozi\u021bii de specialitate.<\/p>\n\n\n\n<p>Datorit\u0103 colabor\u0103rii constante dintre ONVV \u0219i industria vitivinicol\u0103, vinurile moldovene\u0219ti reunite sub umbrela brandului de \u021bar\u0103 s-au consolidat \u00een ultimii ani ca simboluri ale excelen\u021bei, calit\u0103\u021bii \u0219i autenticit\u0103\u021bii, reflect\u00e2nd un echilibru aparte \u00eentre tradi\u021bie, terroir \u0219i inova\u021bie.<\/p>\n\n\n\n<p><strong><em>\u0218tefan Iamandi, director Oficiului Na\u021bional al Viei \u0219i Vinului:<\/em><\/strong><em><\/em><\/p>\n\n\n\n<blockquote class=\"wp-block-quote is-layout-flow wp-block-quote-is-layout-flow\">\n<p><em>Concursul Na\u021bional \u201e<\/em>Vinul Moldovei<em>\u201d reprezint\u0103 un eveniment important care sus\u021bine politicile de asigurare a calit\u0103\u021bii \u00een sectorul vitivinicol. \u00cen calitate de administrator al brandului vinicol de \u021bar\u0103, ONVV are mandatul institu\u021bional de a consolida pozi\u021bia vinificatorilor moldoveni ca produc\u0103tori de vinuri de calitate, prin uniformizarea standardelor, cre\u0219terea competitivit\u0103\u021bii \u0219i men\u021binerea unei identit\u0103\u021bi vizuale \u0219i reputa\u021bionale coerente. \u00cen acest context, concursul contribuie direct la evaluarea riguroas\u0103 a produselor vitivinicole \u0219i la alinierea continu\u0103 a sectorului la cerin\u021bele interna\u021bionale, confirm\u00e2nd nivelul de maturitate al industriei vitivinicole a Republicii Moldova.\u201d<\/em><\/p>\n<\/blockquote>\n\n\n\n<p><strong>Condi\u021bii de pariticipare la Concursul Na\u021bional \u201e<\/strong> <strong>Vinul Moldovei\u201d<\/strong><\/p>\n\n\n\n<p>Concursul se desf\u0103\u0219oar\u0103 conform normelor stricte ale Organiza\u021biei Interna\u021bionale a Viei \u0219i Vinului (OIV), care prevede c\u0103 doar 30% din num\u0103rul total de probe participante la concurs vor fi apreciate cu distinc\u021bii. Astfel, competi\u021bia devine un moment important \u00een care vin\u0103riile reconfirm\u0103 c\u0103 standardele \u00eenalt de pe pia\u021ba intern\u0103 asigur\u0103 reputa\u021bia ob\u021binut\u0103 pe scena interna\u021bional\u0103.<\/p>\n\n\n\n<p>\u00cen acest an, la concurs pot fi \u00eenscrise vinuri din soiuri autohtone, soiuri noi de selec\u021bie moldoveneasc\u0103, soiuri interna\u021bionale, monosoi \u0219i de cupaj, b\u0103uturi spirtoase de origine vitivinicol\u0103, produse de vinificatorii \u00eenregistra\u021bi \u00een Registrul Vitivinicol, contribuabili la Fondul Viei \u0219i Vinului. Aprecierea vinurilor va fi realizat de un juriu format din 70% din exper\u021bi str\u0103ini \u0219i 30% speciali\u0219ti locali, to\u021bi cu experien\u021b\u0103 \u00een degust\u0103ri interna\u021bionale.<\/p>\n\n\n\n<p>Conform regulamentului OIV, premiile vor fi acordate \u00een baza baremului:<\/p>\n\n\n\n<ul class=\"wp-block-list\">\n<li>Marea Medalie de Aur (minimum 93 puncte)<\/li>\n\n\n\n<li>Medalia de Aur (89\u201392,99 puncte)<\/li>\n\n\n\n<li>Medalia de Argint (85\u201388,99 puncte)<\/li>\n<\/ul>\n\n\n\n<p>C\u00e2\u0219tig\u0103torii vor fi anun\u021ba\u021bi \u00een cadrul Vernisajului Vinului \u2013 Edi\u021bia de Iarn\u0103.<\/p>\n\n\n\n<p>Condi\u021bii de participare la Concursul Na\u021bional \u201e Vinul Moldovei\u201d<\/p>\n\n\n\n<p><strong>Termenul limit\u0103 pentru \u00eenregistrare este 28.11.2025<\/strong><\/p>\n\n\n\n<p><strong>Regulamentul concursului este disponibil pe <\/strong><a href=\"https:\/\/contest.wineofmoldova.com\/en\"><strong>https:\/\/contest.wineofmoldova.com\/<\/strong><\/a> <\/p>\n","protected":false},"excerpt":{"rendered":"<p>Republica Moldova \u00ee\u0219i desemneaz\u0103 ambasadorii vinului la competi\u021bia de excelen\u021b\u0103 a sectorului vitivinicol. \u00cen perioada 4\u20135 decembrie 2025, comunitatea vitivinicol\u0103 din Republica Moldova se reune\u0219te la Concursul Na\u021bional \u201e Vinul&hellip;<\/p>\n","protected":false},"author":16,"featured_media":29394,"comment_status":"open","ping_status":"open","sticky":false,"template":"","format":"standard","meta":{"slim_seo":{"title":"Concursul Na\u021bional \u201e Vinul Moldovei`2025\u201d va avea loc \u00een decembrie - Wine and Spirits","description":"Republica Moldova \u00ee\u0219i desemneaz\u0103 ambasadorii vinului la competi\u021bia de excelen\u021b\u0103 a sectorului vitivinicol. \u00cen perioada 4\u20135 decembrie 2025, comunitatea vitivinico"},"footnotes":""},"categories":[38],"tags":[6526],"class_list":["post-29393","post","type-post","status-publish","format-standard","has-post-thumbnail","hentry","category-events-ro","tag-concursul-national-vinul-moldovei-2025"],"_links":{"self":[{"href":"https:\/\/wine-and-spirits.md\/ro\/wp-json\/wp\/v2\/posts\/29393","targetHints":{"allow":["GET"]}}],"collection":[{"href":"https:\/\/wine-and-spirits.md\/ro\/wp-json\/wp\/v2\/posts"}],"about":[{"href":"https:\/\/wine-and-spirits.md\/ro\/wp-json\/wp\/v2\/types\/post"}],"author":[{"embeddable":true,"href":"https:\/\/wine-and-spirits.md\/ro\/wp-json\/wp\/v2\/users\/16"}],"replies":[{"embeddable":true,"href":"https:\/\/wine-and-spirits.md\/ro\/wp-json\/wp\/v2\/comments?post=29393"}],"version-history":[{"count":2,"href":"https:\/\/wine-and-spirits.md\/ro\/wp-json\/wp\/v2\/posts\/29393\/revisions"}],"predecessor-version":[{"id":29398,"href":"https:\/\/wine-and-spirits.md\/ro\/wp-json\/wp\/v2\/posts\/29393\/revisions\/29398"}],"wp:featuredmedia":[{"embeddable":true,"href":"https:\/\/wine-and-spirits.md\/ro\/wp-json\/wp\/v2\/media\/29394"}],"wp:attachment":[{"href":"https:\/\/wine-and-spirits.md\/ro\/wp-json\/wp\/v2\/media?parent=29393"}],"wp:term":[{"taxonomy":"category","embeddable":true,"href":"https:\/\/wine-and-spirits.md\/ro\/wp-json\/wp\/v2\/categories?post=29393"},{"taxonomy":"post_tag","embeddable":true,"href":"https:\/\/wine-and-spirits.md\/ro\/wp-json\/wp\/v2\/tags?post=29393"}],"curies":[{"name":"wp","href":"https:\/\/api.w.org\/{rel}","templated":true}]}}