{"id":29091,"date":"2025-10-04T18:05:40","date_gmt":"2025-10-04T18:05:40","guid":{"rendered":"https:\/\/wine-and-spirits.md\/?p=29091"},"modified":"2025-12-16T15:27:13","modified_gmt":"2025-12-16T15:27:13","slug":"vinul-moldovei-uimitor-de-bun-start-pentru-cea-de-a-xxiv-a-editie-a-zilei-nationale-a-vinului","status":"publish","type":"post","link":"https:\/\/wine-and-spirits.md\/ro\/vinul-moldovei-uimitor-de-bun-start-pentru-cea-de-a-xxiv-a-editie-a-zilei-nationale-a-vinului\/","title":{"rendered":"\u201eVinul Moldovei. Uimitor de bun\u201d: start pentru cea de-a XXIV-a edi\u021bie a Zilei Na\u021bionale a Vinului"},"content":{"rendered":"\n<h4 class=\"wp-block-heading\"><strong><em>Pia\u021ba Marii Adun\u0103ri Na\u021bionale din Chi\u0219in\u0103u devine timp de dou\u0103 zile un ora\u0219 al Vinului. Cea de-a XXIV-a edi\u021bie a Zilei Na\u021bionale a Vinului 2025 &#8211; s\u0103rb\u0103toare dedicat\u0103 tradi\u021biilor \u00een vinifica\u021bie \u0219i produsului m\u00e2ndriei na\u021bional\u0103, a fost inaugurat\u0103. Evenimentul desf\u0103\u0219urat sub sloganul brandului de \u021bar\u0103 \u201eVinul Moldovei. Uimitor de bun\u201d marcheaz\u0103 \u00een acest an un record: 106 vin\u0103rii, dintre care 46 &#8211; mici produc\u0103tori locali sunt prezen\u021bi \u00een centrul ora\u0219ului, pentru a-\u0219i \u00eemp\u0103rt\u0103\u0219i pove\u0219tile \u0219i vinurile de autor.<\/em><\/strong><\/h4>\n\n\n\n<p>S\u0103rb\u0103torit\u0103, \u00een mod tradi\u021bional, \u00een primul weekend din octombrie, Ziua Na\u021bional\u0103 a Vinului devine prilej de a celebra cultura vinului \u0219i de a descoperi bog\u0103\u021bia tradi\u021biilor vinicole ale Moldovei. La evenimentul de inaugurare au participat oficiali guvernamentali, reprezentan\u021bi ai sectorului vitivinicol \u0219i vinificatori, subliniind importan\u021ba Zilei Na\u021bionale a Vinului ca simbol al patrimoniului cultural \u0219i al excelen\u021bei vinicole na\u021bionale.<\/p>\n\n\n\n<p><strong><em>\u0218tefan Iamandi, directorul Oficiului Na\u021bional al Viei \u0219i Vinului:<\/em><\/strong><\/p>\n\n\n\n<blockquote class=\"wp-block-quote is-layout-flow wp-block-quote-is-layout-flow\">\n<p><em>Edi\u021bia curent\u0103 vine ca o&nbsp;\u00eencununare a eforturilor depuse pe parcursul acestui an: un an \u00een care Republica Moldova \u0219i Vinul Moldovei au fost vizibile pe scena interna\u021bional\u0103, datorit\u0103 perseveren\u021bei \u0219i calit\u0103\u021bii \u00eenalte a vinurilor produse. Rezultatele ob\u021binute \u2013 medalii \u0219i evenimente de talie mondial\u0103 pe care am avut onoarea s\u0103 le g\u0103zduim \u2013 au consolidat imaginea \u021b\u0103rii noastre ca produc\u0103tor de vinuri de excelen\u021b\u0103.<\/em> <em>Cea mai important\u0103 platform\u0103 global\u0103 de schimb de cuno\u0219tin\u021be, bune practici&nbsp;\u0219i&nbsp;inova\u021bii din sectorul vitivinicol &#8211; Congresul Mondial al Viei \u0219i Vinului&nbsp;\u0219i-a desf\u0103\u0219urat lucr\u0103rile, aici, \u00een Republica Moldova.\u201d<\/em><\/p>\n<\/blockquote>\n\n\n\n<p><strong><em>Igor Grosu, Pre\u0219edintele Parlamentului:<\/em><\/strong><strong><\/strong><\/p>\n\n\n\n<p><em>\u201eFelicit\u0103ri vinificatorilor, tuturor celor care muncesc anul \u00eemprejur ca s\u0103 putem savura vinul nostru moldovenesc, gustos. Republica Moldova este exact ca vi\u021ba de vie, care este una modest\u0103, nu are teritorii a\u0219a de mari, popula\u021bie mare, dar iat\u0103, atunci c\u00e2nd este \u00eengrijit\u0103, stimat\u0103, respectat\u0103, rode\u0219te. Trebuie str\u00e2ns bobi\u021b\u0103 cu bobi\u021b\u0103, f\u0103cut vin bun \u0219i s\u0103-l \u00eemp\u0103r\u021bim cu prietenii, numai cu prietenii. De aceea, dragii mei, eu v\u0103 invit \u0219i v\u0103 rog s\u0103 ne m\u00e2ndrim cu ceea ce avem noi, cu tot ce facem noi, pentru c\u0103 \u00een tot ce facem noi punem dragoste \u0219i punem mult, mult suflet. Felicit\u0103ri vinificatorilor, tuturor celor care muncesc an \u00eemprejur ca toamna s\u0103 putem savura \u0219i nu numai toamna, an \u00eemprejur s\u0103 putem savura vinul nostru moldovenesc gustos.\u201d<\/em><strong><\/strong><\/p>\n\n\n\n<p><strong><em>Ludmila Catlabuga, ministra Agriculturii \u0219i Industriei Alimentare:<\/em><\/strong><\/p>\n\n\n\n<blockquote class=\"wp-block-quote is-layout-flow wp-block-quote-is-layout-flow\">\n<p><em>Anul acesta am tr\u0103it evenimente deosebite. Pentru prima dat\u0103 Moldova a g\u0103zduit Congresul Mondial al OIV, cea mai important\u0103 reuniune din lumea vinului. Tot pentru prima dat\u0103 Chi\u0219in\u0103u a g\u0103zduit concursul Mondial de Bruxelles, unde vinificatorii no\u0219tri au impresionat juriul interna\u021bional prin diversitatea \u0219i calitatea vinurilor noastre. Aceste realiz\u0103ri confirm\u0103 faptul c\u0103 Moldova nu este doar un punct mic pe harta vinului, ci un nume respectat, recunoscut \u0219i apreciat pentru excelen\u021ba vinurilor sale la nivel interna\u021bional.\u201d<\/em><\/p>\n<\/blockquote>\n\n\n\n<p><strong><em>Iwona Pi\u00f3rko, ambasadoare a Uniunii Europene \u00een Republica Moldova:<\/em><\/strong><\/p>\n\n\n\n<p><em>\u201eEste prima oar\u0103 c\u00e2nd particip la Ziua Na\u021bional\u0103 a Vinului, pentru c\u0103 am primit rolul de ambasadoare a UE Republica Moldova abia o lun\u0103 \u00een urm\u0103. \u0218i de fapt, atunci c\u00e2nd am venit o lun\u0103 \u00een urm\u0103 \u00een Moldova, prima ce am f\u0103cut am mers s\u0103 vizitez o vin\u0103rie. Am v\u0103zut cum are loc produc\u021bia, cum are loc vinifica\u021bia \u00een \u0218tefan Vod\u0103. \u0218i am \u00een\u021beles un lucru: este cel mai bun gust care poate fi \u00eent\u00e2lnit \u0219i nu doar gustul, dar dac\u0103 vorbim de familia european\u0103, vorbim \u0219i de toate aspectele legate de cultur\u0103, de tradi\u021bie.\u201d<\/em><\/p>\n\n\n\n<p><a><\/a><strong><em>George Shagidze, pre\u0219edinte maib:<\/em><\/strong><\/p>\n\n\n\n<blockquote class=\"wp-block-quote is-layout-flow wp-block-quote-is-layout-flow\">\n<p><em>Ast\u0103zi s\u0103rb\u0103torim vinul, vinul nostru uimitor de bun, \u0219i prin el s\u0103rb\u0103torim Moldova: tradi\u021biile, ospitalitatea \u0219i pasiunea oamenilor ei. Moldova poate fi mic\u0103, dar este cu adev\u0103rat o superputere \u00een domeniul vinului. Privind \u00een viitor exist\u0103 provoc\u0103ri: schimb\u0103rile climatice, concuren\u021ba global\u0103 acerb\u0103 \u0219i necesitatea moderniz\u0103rii continue. \u00cens\u0103, vinificatorii moldoveni au dat dovad\u0103 mereu de rezilien\u021b\u0103. Av\u00e2nd \u00een vedere faptul c\u0103 sectoarele de IT \u0219i cel digital din Moldova sunt puternice, \u021bara aceasta are un poten\u021bial foarte bun de a fi \u00een fruntea inova\u021biilor digitale \u0219i de inteligen\u021b\u0103 artificial\u0103 \u00een industria vinului, ceea ce reprezint\u0103 o oportunitate foarte interesant\u0103.\u201d <a><\/a><\/em><\/p>\n<\/blockquote>\n\n\n\n<p><a><\/a>Dup\u0103 ceremonia de inaugurare, alaiul de oficiali a pornit \u00eentr-un tur al Pie\u021bei Marii Adun\u0103ri Na\u021bionale, unde s-au oprit la standurile produc\u0103torilor vinicoli, pentru a descoperi Vinul Moldovei. <a><\/a>\u00cen perioada 4\u20135 octombrie, Pia\u021ba Marii Adun\u0103ri Na\u021bionale din Chi\u0219in\u0103u g\u0103zduie\u0219te activit\u0103\u021bi dedicate educa\u021biei \u0219i culturii vinului. Vizitatorii pot participa la atelierele \u0218colii Vinului, unde vor afla despre soiurile indigene, despre degustarea corect\u0103 a vinurilor, spumantelor \u0219i divinurilor, reguli de asociere a vinurilor cu bucatele, \u00eensemnele de calitate ale Vinului Moldovei \u0219i zonele cu Indica\u021bie Geografic\u0103 protejat\u0103.<\/p>\n\n\n\n<p>De asemenea, \u201eCurtea \u021a\u0103r\u0103neasc\u0103\u201d ofer\u0103 oportunitatea de a descoperi me\u0219te\u0219uguri tradi\u021bionale, precum ol\u0103ritul, sculptura \u00een lemn, \u021besutul covoarelor \u0219i desenul \u00een vin. Programul cultural al evenimentului include spectacole de muzic\u0103 tradi\u021bional\u0103 sus\u021binute de ansambluri etno-folclorice din diverse regiuni ale \u021b\u0103rii, al\u0103turi de arti\u0219ti consacra\u021bi, asigur\u00e2nd astfel o experien\u021b\u0103 cultural\u0103 complet\u0103 pentru vizitatori.<\/p>\n\n\n\n<p>Evenimentul este organizat de Oficiul Na\u021bional al Viei \u0219i Vinului. Parteneri institu\u021bionali: Ministerul Agriculturii \u0219i Industriei Alimentare al Republicii Moldova \u0219i Ministerul Culturii al Republicii Moldova,&nbsp; UMAEF (Ukraine-Moldova American Enterprise Fund), maib.<\/p>\n\n\n\n<p><em>Mai multe detalii \u0219i informa\u021bii suplimentare despre Ziua Na\u021bional\u0103 a Vinului vor fi disponibile pe pagina <\/em><a href=\"https:\/\/wineday.wineofmoldova.com\/\"><em>wineday.wineofmoldova.com<\/em><\/a><em> \u0219i pagina de Facebook <\/em><a href=\"https:\/\/www.facebook.com\/wineofmoldova\"><em>Wine of Moldova<\/em><\/a><em>.<\/em><\/p>\n","protected":false},"excerpt":{"rendered":"<p>Pia\u021ba Marii Adun\u0103ri Na\u021bionale din Chi\u0219in\u0103u devine timp de dou\u0103 zile un ora\u0219 al Vinului. Cea de-a XXIV-a edi\u021bie a Zilei Na\u021bionale a Vinului 2025 &#8211; s\u0103rb\u0103toare dedicat\u0103 tradi\u021biilor \u00een&hellip;<\/p>\n","protected":false},"author":16,"featured_media":29092,"comment_status":"open","ping_status":"open","sticky":false,"template":"","format":"standard","meta":{"slim_seo":{"title":"\u201eVinul Moldovei. Uimitor de bun\u201d: start pentru cea de-a XXIV-a edi\u021bie a Zilei Na\u021bionale a Vinului - Wine and Spirits","description":"Pia\u021ba Marii Adun\u0103ri Na\u021bionale din Chi\u0219in\u0103u devine timp de dou\u0103 zile un ora\u0219 al Vinului. Cea de-a XXIV-a edi\u021bie a Zilei Na\u021bionale a Vinului 2025 - s\u0103rb\u0103toare ded"},"footnotes":""},"categories":[44],"tags":[6474],"class_list":["post-29091","post","type-post","status-publish","format-standard","has-post-thumbnail","hentry","category-ziua-vinului","tag-ziua-nationala-a-vinului-2025-2"],"_links":{"self":[{"href":"https:\/\/wine-and-spirits.md\/ro\/wp-json\/wp\/v2\/posts\/29091","targetHints":{"allow":["GET"]}}],"collection":[{"href":"https:\/\/wine-and-spirits.md\/ro\/wp-json\/wp\/v2\/posts"}],"about":[{"href":"https:\/\/wine-and-spirits.md\/ro\/wp-json\/wp\/v2\/types\/post"}],"author":[{"embeddable":true,"href":"https:\/\/wine-and-spirits.md\/ro\/wp-json\/wp\/v2\/users\/16"}],"replies":[{"embeddable":true,"href":"https:\/\/wine-and-spirits.md\/ro\/wp-json\/wp\/v2\/comments?post=29091"}],"version-history":[{"count":2,"href":"https:\/\/wine-and-spirits.md\/ro\/wp-json\/wp\/v2\/posts\/29091\/revisions"}],"predecessor-version":[{"id":29577,"href":"https:\/\/wine-and-spirits.md\/ro\/wp-json\/wp\/v2\/posts\/29091\/revisions\/29577"}],"wp:featuredmedia":[{"embeddable":true,"href":"https:\/\/wine-and-spirits.md\/ro\/wp-json\/wp\/v2\/media\/29092"}],"wp:attachment":[{"href":"https:\/\/wine-and-spirits.md\/ro\/wp-json\/wp\/v2\/media?parent=29091"}],"wp:term":[{"taxonomy":"category","embeddable":true,"href":"https:\/\/wine-and-spirits.md\/ro\/wp-json\/wp\/v2\/categories?post=29091"},{"taxonomy":"post_tag","embeddable":true,"href":"https:\/\/wine-and-spirits.md\/ro\/wp-json\/wp\/v2\/tags?post=29091"}],"curies":[{"name":"wp","href":"https:\/\/api.w.org\/{rel}","templated":true}]}}