{"id":29071,"date":"2025-10-03T08:05:54","date_gmt":"2025-10-03T08:05:54","guid":{"rendered":"https:\/\/wine-and-spirits.md\/?p=29071"},"modified":"2025-10-03T08:23:27","modified_gmt":"2025-10-03T08:23:27","slug":"standul-de-tara-vinul-moldovei-uimitor-de-bun-a-fost-inaugurat-in-incinta-aeroportul-international-eugen-doga","status":"publish","type":"post","link":"https:\/\/wine-and-spirits.md\/ro\/standul-de-tara-vinul-moldovei-uimitor-de-bun-a-fost-inaugurat-in-incinta-aeroportul-international-eugen-doga\/","title":{"rendered":"Standul de \u021bar\u0103 \u201eVinul Moldovei. Uimitor de bun\u201d a fost inaugurat \u00een incinta Aeroportul Interna\u021bional \u201eEugen Doga\u201d"},"content":{"rendered":"\n<h4 class=\"wp-block-heading\"><strong><em>Turi\u0219tii care vor pleca din Republica Moldova prin Aeroportul Interna\u021bional \u201eEugen Doga\u201d \u2013 Chi\u0219in\u0103u, unul dintre cele mai importante puncte de intrare \u0219i ie\u0219ire din \u021bar\u0103, vor avea ocazia s\u0103 descopere Vinul Moldovei \u0219i povestea din spatele acestuia, particip\u00e2nd la prezent\u0103ri \u0219i degust\u0103ri ghidate. Aceast\u0103 experien\u021b\u0103 va fi posibil\u0103 <\/em><\/strong><strong><em>dup\u0103 inaugurarea standului de \u021bar\u0103&nbsp;\u201eWine of Moldova. Unexpectedly Great\u201d\/\u201eVinul Moldovei. Uimitor de bun\u201d, amplasat \u00een incinta aeroportului pentru o perioad\u0103 \u00eendelungat\u0103.<\/em><\/strong><\/h4>\n\n\n\n<p>Lansarea standului face parte din Memorandumul de colaborare semnat \u00eentre&nbsp;Oficiul Na\u021bional al Viei \u0219i Vinului (ONVV) \u0219i&nbsp;Aeroportul Interna\u021bional \u201eEugen Doga\u201d \u2013 Chi\u0219in\u0103u, document ce are drept obiectiv consolidarea vizibilit\u0103\u021bii brandului vinicol de \u021bar\u0103 \u0219i alinierea Republicii Moldova la practicile interna\u021bionale ale \u021b\u0103rilor produc\u0103toare de vinuri, care \u00ee\u0219i \u00eent\u00e2mpin\u0103 pasagerii prin experien\u021be autentice chiar din aeroport.<\/p>\n\n\n\n<p>Noul spa\u021biu este deja func\u021bional \u0219i a fost inaugurat \u00een ajunul celei de-a XXIV-a edi\u021bii a&nbsp;Zilei Na\u021bionale a Vinului, s\u0103rb\u0103toare desf\u0103\u0219urat\u0103 tradi\u021bional \u00een primul weekend al lunii octombrie.<\/p>\n\n\n\n<p><strong><em>\u0218tefan Iamandi, director, Oficiul Na\u021bional al Viei \u0219i Vinului:<\/em><\/strong><em><\/em><\/p>\n\n\n\n<blockquote class=\"wp-block-quote is-layout-flow wp-block-quote-is-layout-flow\">\n<p><em>Standul de \u021bar\u0103 \u201eWine of Moldova. Unexpectedly Great\u201d este o nou\u0103 etap\u0103 \u00een promovarea interna\u021bional\u0103 a Vinului Moldovei. Aici vor avea loc mai multe <\/em><em>activit\u0103\u021bi dedicate pentru a face cunoscut\u0103 povestea Vinului Moldovei \u0219i a vinificatorilor reuni\u021bi sub umbrela brand-ului vinicol de \u021bar\u0103. Spre exemplu, periodic, vor fi organizate degust\u0103ri care au ca scop s\u0103 promoveze diversitatea \u0219i calitatea Vinului Moldovei. Ne dorim ca fiecare turist sau pasager s\u0103 cunoasc\u0103 despre Vinului Moldovei \u0219i faptul c\u0103 este cel reprezentativ ambasador al \u021b\u0103rii noastre, un produs al m\u00e2ndriei na\u021bionale.\u201d<\/em><\/p>\n<\/blockquote>\n\n\n\n<p><strong><em>Sergiu Spoial\u0103, administratorul Aeroportului Interna\u021bional \u201eEugen Doga\u201d Chi\u0219in\u0103u:<\/em><\/strong><\/p>\n\n\n\n<p><em>\u201ePrin lansarea standului Wine of Moldova la Aeroportul Interna\u021bional \u201eEugen Doga\u201d din Chi\u0219in\u0103u, marc\u0103m \u00eencheierea unui Memorandum de colaborare cu Oficiul Na\u021bional al Viei \u0219i Vinului. Rezultatul acestui parteneriat reflect\u0103 dorin\u021ba noastr\u0103, ca \u021bar\u0103, de a promova cultura vitivinicol\u0103. La fel ca marile regiuni vitivinicole care \u00ee\u0219i promoveaz\u0103 vinurile la nivel global, ne dorim ca \u0219i vinul moldovenesc s\u0103 devin\u0103 un veritabil ambasador al Republicii Moldova, \u00eencep\u00e2nd de aici, din inima aeroportului. Consider c\u0103 este cartea noastr\u0103 de vizit\u0103 \u0219i este responsabilitatea noastr\u0103 s\u0103 o promov\u0103m la nivel na\u021bional \u0219i interna\u021bional.\u201d<\/em><\/p>\n\n\n\n<p>Totodat\u0103, \u00een ajunul Zilei Na\u021bionale a Vinului, pasagerii care sosesc \u00een Republica Moldova prin Aeroportul Interna\u021bional \u201eEugen Doga\u201d \u2013 Chi\u0219in\u0103u sunt \u00eent\u00e2mpina\u021bi cu o sticl\u0103 de Vinul Moldovei \u0219i cu invita\u021bia de a participa la s\u0103rb\u0103toarea desf\u0103\u0219urat\u0103 \u00een Pia\u021ba Marii Adun\u0103ri Na\u021bionale.<\/p>\n\n\n\n<p><strong><em>Vladimir Bolea, Viceprim-ministru, Ministru al Infrastructurii \u0219i Dezvolt\u0103rii Regionale:<\/em><\/strong><\/p>\n\n\n\n<blockquote class=\"wp-block-quote is-layout-flow wp-block-quote-is-layout-flow\">\n<p><em>Pe parcursul anilor, am \u00eencercat s\u0103 valorific\u0103m \u00eentreaga infrastructur\u0103 existent\u0103 \u00een Republica Moldova pentru a promova oamenii vinului. Ceea ce prezent\u0103m ast\u0103zi reprezint\u0103 un nou model de sus\u021binere \u0219i promovare a vinificatorilor no\u0219tri, extrem de talenta\u021bi. Din acest motiv, am decis s\u0103 \u00eenfrumuse\u021b\u0103m spa\u021biul de la aeroport cu sigla permanent\u0103 \u201eWine of Moldova\u201d. \u00cen aceste zile, pasagerii care sosesc \u00een Republica Moldova vor primi, simbolic, c\u00e2te o sticl\u0103 de vin \u2013 un gest de ospitalitate \u0219i o invita\u021bie de a descoperi cultura noastr\u0103 vitivinicol\u0103.\u201d<\/em><\/p>\n<\/blockquote>\n\n\n\n<p><strong><em>Andrian Digolean, secretar de Stat, Ministerul Agriculturii \u0219i Industriei Alimentare:<\/em><\/strong><em><\/em><\/p>\n\n\n\n<p><em>\u201eVinul Moldovei este parte a identit\u0103\u021bii noastre \u0219i pe parcursul timpului a devenit cel mai reprezentativ ambasador al \u021b\u0103rii noastre. Industria vitivinicol\u0103 din Moldova are un rol semnificativ \u00een economia \u021b\u0103rii, contribuind cu aproximativ 3% din PIB \u0219i 8% din totalul exporturilor \u0219i sprijin\u0103 dezvoltarea comunit\u0103\u021bilor rurale. Ziua Na\u021bional\u0103 a Vinului este mai mult dec\u00e2t o s\u0103rb\u0103toare \u2013 este o platform\u0103 de promovare interna\u021bional\u0103 \u0219i consolidare a brandului vinicol de \u021bar\u0103 Wine of Moldova.\u201d<\/em><\/p>\n\n\n\n<p>Cea de-a XXIV-a edi\u021bie a&nbsp;Zilei Na\u021bionale a Vinului&nbsp;va avea loc pe 4\u20135 octombrie \u0219i se desf\u0103\u0219oar\u0103 sub sloganul brandului de \u021bar\u0103 \u201eVinul Moldovei. Uimitor de bun\u201d.&nbsp; Evenimentul marcheaz\u0103 un record la capitolul participare: 106 vin\u0103rii \u0219i-au confirmat prezen\u021ba, dintre care 43 sunt mici produc\u0103tori locali, preg\u0103ti\u021bi s\u0103 \u00eemp\u0103rt\u0103\u0219easc\u0103 vizitatorilor aromele \u0219i pove\u0219tile fiec\u0103rei sticle.<\/p>\n\n\n\n<p>Evenimentul este organizat de Oficiul Na\u021bional al Viei \u0219i Vinului. Parteneri institu\u021bionali: Ministerul Agriculturii \u0219i Industriei Alimentare al Republicii Moldova \u0219i Ministerul Culturii al Republicii Moldova,&nbsp; UMAEF (Ukraine-Moldova American Enterprise Fund), maib.<\/p>\n\n\n\n<p><em>Mai multe detalii \u0219i informa\u021bii suplimentare despre Ziua Na\u021bional\u0103 a Vinului vor fi disponibile pe pagina <\/em><a href=\"https:\/\/wineday.wineofmoldova.com\/\"><em>wineday.wineofmoldova.com<\/em><\/a><em> \u0219i pagina de Facebook <\/em><a href=\"https:\/\/www.facebook.com\/wineofmoldova\"><em>Wine of Moldova<\/em><\/a><em>.<\/em><\/p>\n","protected":false},"excerpt":{"rendered":"<p>Turi\u0219tii care vor pleca din Republica Moldova prin Aeroportul Interna\u021bional \u201eEugen Doga\u201d \u2013 Chi\u0219in\u0103u, unul dintre cele mai importante puncte de intrare \u0219i ie\u0219ire din \u021bar\u0103, vor avea ocazia s\u0103&hellip;<\/p>\n","protected":false},"author":16,"featured_media":29073,"comment_status":"open","ping_status":"open","sticky":false,"template":"","format":"standard","meta":{"slim_seo":{"title":"Standul de \u021bar\u0103 \u201eVinul Moldovei. Uimitor de bun\u201d a fost inaugurat \u00een incinta Aeroportul Interna\u021bional \u201eEugen Doga\u201d - Wine and Spirits","description":"Turi\u0219tii care vor pleca din Republica Moldova prin Aeroportul Interna\u021bional \u201eEugen Doga\u201d \u2013 Chi\u0219in\u0103u, unul dintre cele mai importante puncte de intrare \u0219i ie\u0219ire"},"footnotes":""},"categories":[3098,44],"tags":[566,6463,6464,122],"class_list":["post-29071","post","type-post","status-publish","format-standard","has-post-thumbnail","hentry","category-all","category-ziua-vinului","tag-onvv","tag-standul-de-tara-vinul-moldovei-uimitor-de-bun","tag-standului-de-tara-wine-of-moldova-unexpectedly-great","tag-ziua-nationala-a-vinului"],"_links":{"self":[{"href":"https:\/\/wine-and-spirits.md\/ro\/wp-json\/wp\/v2\/posts\/29071","targetHints":{"allow":["GET"]}}],"collection":[{"href":"https:\/\/wine-and-spirits.md\/ro\/wp-json\/wp\/v2\/posts"}],"about":[{"href":"https:\/\/wine-and-spirits.md\/ro\/wp-json\/wp\/v2\/types\/post"}],"author":[{"embeddable":true,"href":"https:\/\/wine-and-spirits.md\/ro\/wp-json\/wp\/v2\/users\/16"}],"replies":[{"embeddable":true,"href":"https:\/\/wine-and-spirits.md\/ro\/wp-json\/wp\/v2\/comments?post=29071"}],"version-history":[{"count":2,"href":"https:\/\/wine-and-spirits.md\/ro\/wp-json\/wp\/v2\/posts\/29071\/revisions"}],"predecessor-version":[{"id":29078,"href":"https:\/\/wine-and-spirits.md\/ro\/wp-json\/wp\/v2\/posts\/29071\/revisions\/29078"}],"wp:featuredmedia":[{"embeddable":true,"href":"https:\/\/wine-and-spirits.md\/ro\/wp-json\/wp\/v2\/media\/29073"}],"wp:attachment":[{"href":"https:\/\/wine-and-spirits.md\/ro\/wp-json\/wp\/v2\/media?parent=29071"}],"wp:term":[{"taxonomy":"category","embeddable":true,"href":"https:\/\/wine-and-spirits.md\/ro\/wp-json\/wp\/v2\/categories?post=29071"},{"taxonomy":"post_tag","embeddable":true,"href":"https:\/\/wine-and-spirits.md\/ro\/wp-json\/wp\/v2\/tags?post=29071"}],"curies":[{"name":"wp","href":"https:\/\/api.w.org\/{rel}","templated":true}]}}